{"id":441,"date":"2019-07-04T18:38:17","date_gmt":"2019-07-04T16:38:17","guid":{"rendered":"https:\/\/www.vorticerosa.com\/?p=441"},"modified":"2019-07-04T19:12:20","modified_gmt":"2019-07-04T17:12:20","slug":"luomo-con-la-valigia-graphic-novel-ed-it-comics","status":"publish","type":"post","link":"https:\/\/www.vorticerosa.com\/?p=441","title":{"rendered":"L&#8217;uomo con la Valigia &#8211; Graphic Novel &#8211; ed. it Comics"},"content":{"rendered":"\n<p>Anni \u201920, siamo nel deserto, vediamo un binario che si dilunga \ufb01no all\u2019orizzonte, c\u2019\u00e8 una piccola stazione deserta e l\u00ec c\u2019\u00e8 un uomo, \u00e8 solo, ha con s\u00e9 una valigia rossa e aspetta il suo treno. Passano i giorni e lui \u00e8 l\u00ec, solo ad aspettare. <br>\n Un giorno, stanco di attendere, decide si seguire il binario convinto che prima o poi trover\u00e0 un luogo dove poter prendere il suo treno. Ha cos\u00ec inizio l\u2019avventura di Vincent.<\/p>\n\n\n\n<p>Vorticerosa dopo aver concluso la miniserie \u201cSladkiy\u201d ci permette di entrare ancora una volta nel suo mondo, presentandoci \u201cL\u2019uomo con la Valigia\u201d. <br>\n La vita \u00e8 un viaggio che va raccontato e potrete leggerlo attraverso gli occhi e la poesia di Vorticerosa.<\/p>\n\n\n\n<p>Titolo: L\u2019uomo con la valigia<br>  Autore: Vorticerosa<br>  Graphic Novel <br>  formato: 20&#215;20 cm<br>  pagine: 148 a colori,<br>  25 \u20ac<\/p>\n\n\n\n<ul class=\"wp-block-gallery columns-3 is-cropped\"><li class=\"blocks-gallery-item\"><figure><img loading=\"lazy\" width=\"1024\" height=\"1024\" src=\"https:\/\/www.vorticerosa.com\/wp-content\/uploads\/2019\/07\/Luomo-con-la-Valigia-interno-esec5-1024x1024.jpg\" alt=\"\" data-id=\"442\" class=\"wp-image-442\" srcset=\"https:\/\/www.vorticerosa.com\/wp-content\/uploads\/2019\/07\/Luomo-con-la-Valigia-interno-esec5-1024x1024.jpg 1024w, https:\/\/www.vorticerosa.com\/wp-content\/uploads\/2019\/07\/Luomo-con-la-Valigia-interno-esec5-150x150.jpg 150w, https:\/\/www.vorticerosa.com\/wp-content\/uploads\/2019\/07\/Luomo-con-la-Valigia-interno-esec5-300x300.jpg 300w, https:\/\/www.vorticerosa.com\/wp-content\/uploads\/2019\/07\/Luomo-con-la-Valigia-interno-esec5-768x768.jpg 768w, https:\/\/www.vorticerosa.com\/wp-content\/uploads\/2019\/07\/Luomo-con-la-Valigia-interno-esec5-100x100.jpg 100w\" sizes=\"(max-width: 767px) 89vw, (max-width: 1000px) 54vw, (max-width: 1071px) 543px, 580px\" \/><\/figure><\/li><li class=\"blocks-gallery-item\"><figure><img loading=\"lazy\" width=\"1024\" height=\"1024\" src=\"https:\/\/www.vorticerosa.com\/wp-content\/uploads\/2019\/07\/Luomo-con-la-Valigia-interno-esec13-1024x1024.jpg\" alt=\"\" data-id=\"443\" data-link=\"https:\/\/www.vorticerosa.com\/?attachment_id=443\" class=\"wp-image-443\" srcset=\"https:\/\/www.vorticerosa.com\/wp-content\/uploads\/2019\/07\/Luomo-con-la-Valigia-interno-esec13-1024x1024.jpg 1024w, https:\/\/www.vorticerosa.com\/wp-content\/uploads\/2019\/07\/Luomo-con-la-Valigia-interno-esec13-150x150.jpg 150w, https:\/\/www.vorticerosa.com\/wp-content\/uploads\/2019\/07\/Luomo-con-la-Valigia-interno-esec13-300x300.jpg 300w, https:\/\/www.vorticerosa.com\/wp-content\/uploads\/2019\/07\/Luomo-con-la-Valigia-interno-esec13-768x768.jpg 768w, https:\/\/www.vorticerosa.com\/wp-content\/uploads\/2019\/07\/Luomo-con-la-Valigia-interno-esec13-100x100.jpg 100w\" sizes=\"(max-width: 767px) 89vw, (max-width: 1000px) 54vw, (max-width: 1071px) 543px, 580px\" \/><\/figure><\/li><li class=\"blocks-gallery-item\"><figure><img loading=\"lazy\" width=\"1024\" height=\"1024\" src=\"https:\/\/www.vorticerosa.com\/wp-content\/uploads\/2019\/07\/Luomo-con-la-Valigia-interno-esec8-1024x1024.jpg\" alt=\"\" data-id=\"448\" data-link=\"https:\/\/www.vorticerosa.com\/?attachment_id=448\" class=\"wp-image-448\" srcset=\"https:\/\/www.vorticerosa.com\/wp-content\/uploads\/2019\/07\/Luomo-con-la-Valigia-interno-esec8-1024x1024.jpg 1024w, https:\/\/www.vorticerosa.com\/wp-content\/uploads\/2019\/07\/Luomo-con-la-Valigia-interno-esec8-150x150.jpg 150w, https:\/\/www.vorticerosa.com\/wp-content\/uploads\/2019\/07\/Luomo-con-la-Valigia-interno-esec8-300x300.jpg 300w, https:\/\/www.vorticerosa.com\/wp-content\/uploads\/2019\/07\/Luomo-con-la-Valigia-interno-esec8-768x768.jpg 768w, https:\/\/www.vorticerosa.com\/wp-content\/uploads\/2019\/07\/Luomo-con-la-Valigia-interno-esec8-100x100.jpg 100w\" sizes=\"(max-width: 767px) 89vw, (max-width: 1000px) 54vw, (max-width: 1071px) 543px, 580px\" \/><\/figure><\/li><li class=\"blocks-gallery-item\"><figure><img loading=\"lazy\" width=\"1024\" height=\"1024\" src=\"https:\/\/www.vorticerosa.com\/wp-content\/uploads\/2019\/07\/Luomo-con-la-Valigia-interno-esec7-1024x1024.jpg\" alt=\"\" data-id=\"449\" data-link=\"https:\/\/www.vorticerosa.com\/?attachment_id=449\" class=\"wp-image-449\" srcset=\"https:\/\/www.vorticerosa.com\/wp-content\/uploads\/2019\/07\/Luomo-con-la-Valigia-interno-esec7-1024x1024.jpg 1024w, https:\/\/www.vorticerosa.com\/wp-content\/uploads\/2019\/07\/Luomo-con-la-Valigia-interno-esec7-150x150.jpg 150w, https:\/\/www.vorticerosa.com\/wp-content\/uploads\/2019\/07\/Luomo-con-la-Valigia-interno-esec7-300x300.jpg 300w, https:\/\/www.vorticerosa.com\/wp-content\/uploads\/2019\/07\/Luomo-con-la-Valigia-interno-esec7-768x768.jpg 768w, https:\/\/www.vorticerosa.com\/wp-content\/uploads\/2019\/07\/Luomo-con-la-Valigia-interno-esec7-100x100.jpg 100w\" sizes=\"(max-width: 767px) 89vw, (max-width: 1000px) 54vw, (max-width: 1071px) 543px, 580px\" \/><\/figure><\/li><li class=\"blocks-gallery-item\"><figure><img loading=\"lazy\" width=\"1024\" height=\"1024\" src=\"https:\/\/www.vorticerosa.com\/wp-content\/uploads\/2019\/07\/Luomo-con-la-Valigia-interno-esec-1024x1024.jpg\" alt=\"\" data-id=\"450\" data-link=\"https:\/\/www.vorticerosa.com\/?attachment_id=450\" class=\"wp-image-450\" srcset=\"https:\/\/www.vorticerosa.com\/wp-content\/uploads\/2019\/07\/Luomo-con-la-Valigia-interno-esec-1024x1024.jpg 1024w, https:\/\/www.vorticerosa.com\/wp-content\/uploads\/2019\/07\/Luomo-con-la-Valigia-interno-esec-150x150.jpg 150w, https:\/\/www.vorticerosa.com\/wp-content\/uploads\/2019\/07\/Luomo-con-la-Valigia-interno-esec-300x300.jpg 300w, https:\/\/www.vorticerosa.com\/wp-content\/uploads\/2019\/07\/Luomo-con-la-Valigia-interno-esec-768x768.jpg 768w, https:\/\/www.vorticerosa.com\/wp-content\/uploads\/2019\/07\/Luomo-con-la-Valigia-interno-esec-100x100.jpg 100w\" sizes=\"(max-width: 767px) 89vw, (max-width: 1000px) 54vw, (max-width: 1071px) 543px, 580px\" \/><\/figure><\/li><\/ul>\n\n\n\n<figure class=\"wp-block-embed-issuu wp-block-embed is-type-rich is-provider-issuu\"><div class=\"wp-block-embed__wrapper\">\n<div data-url=\"https:\/\/issuu.com\/vorticerosa\/docs\/l_uomo-con-la-valigia-issu\/\" style=\"width: 525px; height: 263px;\" class=\"issuuembed\"><\/div><script type=\"text\/javascript\" src=\"\/\/e.issuu.com\/embed.js\" async=\"true\"><\/script>\n<\/div><figcaption>preview dell&#8217;albo.<\/figcaption><\/figure>\n","protected":false},"excerpt":{"rendered":"<p>Anni \u201920, siamo nel deserto, vediamo un binario che si dilunga \ufb01no all\u2019orizzonte, c\u2019\u00e8 una piccola stazione deserta e l\u00ec c\u2019\u00e8 un uomo, \u00e8 solo, ha con s\u00e9 una valigia rossa e aspetta il suo treno. Passano i giorni e lui \u00e8 l\u00ec, solo ad aspettare. Un giorno, stanco di attendere, decide si seguire il &hellip; <\/p>\n<p class=\"link-more\"><a href=\"https:\/\/www.vorticerosa.com\/?p=441\" class=\"more-link\">Leggi tutto<span class=\"screen-reader-text\"> &#8220;L&#8217;uomo con la Valigia &#8211; Graphic Novel &#8211; ed. it Comics&#8221;<\/span><\/a><\/p>\n","protected":false},"author":1,"featured_media":0,"comment_status":"open","ping_status":"open","sticky":false,"template":"","format":"image","meta":[],"categories":[33,5,32],"tags":[],"_links":{"self":[{"href":"https:\/\/www.vorticerosa.com\/index.php?rest_route=\/wp\/v2\/posts\/441"}],"collection":[{"href":"https:\/\/www.vorticerosa.com\/index.php?rest_route=\/wp\/v2\/posts"}],"about":[{"href":"https:\/\/www.vorticerosa.com\/index.php?rest_route=\/wp\/v2\/types\/post"}],"author":[{"embeddable":true,"href":"https:\/\/www.vorticerosa.com\/index.php?rest_route=\/wp\/v2\/users\/1"}],"replies":[{"embeddable":true,"href":"https:\/\/www.vorticerosa.com\/index.php?rest_route=%2Fwp%2Fv2%2Fcomments&post=441"}],"version-history":[{"count":2,"href":"https:\/\/www.vorticerosa.com\/index.php?rest_route=\/wp\/v2\/posts\/441\/revisions"}],"predecessor-version":[{"id":474,"href":"https:\/\/www.vorticerosa.com\/index.php?rest_route=\/wp\/v2\/posts\/441\/revisions\/474"}],"wp:attachment":[{"href":"https:\/\/www.vorticerosa.com\/index.php?rest_route=%2Fwp%2Fv2%2Fmedia&parent=441"}],"wp:term":[{"taxonomy":"category","embeddable":true,"href":"https:\/\/www.vorticerosa.com\/index.php?rest_route=%2Fwp%2Fv2%2Fcategories&post=441"},{"taxonomy":"post_tag","embeddable":true,"href":"https:\/\/www.vorticerosa.com\/index.php?rest_route=%2Fwp%2Fv2%2Ftags&post=441"}],"curies":[{"name":"wp","href":"https:\/\/api.w.org\/{rel}","templated":true}]}}