{"id":199,"date":"2015-07-14T21:15:14","date_gmt":"2015-07-14T19:15:14","guid":{"rendered":"http:\/\/www.vorticerosa.com\/?p=199"},"modified":"2015-07-14T21:15:14","modified_gmt":"2015-07-14T19:15:14","slug":"vorticerosa-e-carre-dartistes-da-agosto-a-roma-a-settembre-invece","status":"publish","type":"post","link":"https:\/\/www.vorticerosa.com\/?p=199","title":{"rendered":"Vorticerosa e Carr\u00e8 d&#8217;Artistes da Agosto a Roma, a settembre invece&#8230;"},"content":{"rendered":"<div id='gallery-1' class='gallery galleryid-199 gallery-columns-3 gallery-size-thumbnail'><figure class='gallery-item'>\n\t\t\t<div class='gallery-icon portrait'>\n\t\t\t\t<a href='https:\/\/www.vorticerosa.com\/?attachment_id=200'><img width=\"150\" height=\"150\" src=\"https:\/\/www.vorticerosa.com\/wp-content\/uploads\/2015\/07\/unoscherzopiccolissimo36x36L-150x150.jpg\" class=\"attachment-thumbnail size-thumbnail\" alt=\"\" loading=\"lazy\" sizes=\"100vw\" \/><\/a>\n\t\t\t<\/div><\/figure><figure class='gallery-item'>\n\t\t\t<div class='gallery-icon portrait'>\n\t\t\t\t<a href='https:\/\/www.vorticerosa.com\/?attachment_id=11'><img width=\"150\" height=\"150\" src=\"https:\/\/www.vorticerosa.com\/wp-content\/uploads\/2015\/07\/everyvodyhavereddream36x36-150x150.jpg\" class=\"attachment-thumbnail size-thumbnail\" alt=\"Carr\u00e8 d&#039;Artistes,quadri su carta\" loading=\"lazy\" sizes=\"100vw\" \/><\/a>\n\t\t\t<\/div><\/figure><figure class='gallery-item'>\n\t\t\t<div class='gallery-icon landscape'>\n\t\t\t\t<a href='https:\/\/www.vorticerosa.com\/?attachment_id=201'><img width=\"150\" height=\"150\" src=\"https:\/\/www.vorticerosa.com\/wp-content\/uploads\/2015\/07\/deliver-me36x36L-150x150.jpg\" class=\"attachment-thumbnail size-thumbnail\" alt=\"\" loading=\"lazy\" srcset=\"https:\/\/www.vorticerosa.com\/wp-content\/uploads\/2015\/07\/deliver-me36x36L-150x150.jpg 150w, https:\/\/www.vorticerosa.com\/wp-content\/uploads\/2015\/07\/deliver-me36x36L-300x300.jpg 300w, https:\/\/www.vorticerosa.com\/wp-content\/uploads\/2015\/07\/deliver-me36x36L-1024x1024.jpg 1024w, https:\/\/www.vorticerosa.com\/wp-content\/uploads\/2015\/07\/deliver-me36x36L.jpg 1201w\" sizes=\"100vw\" \/><\/a>\n\t\t\t<\/div><\/figure><figure class='gallery-item'>\n\t\t\t<div class='gallery-icon landscape'>\n\t\t\t\t<a href='https:\/\/www.vorticerosa.com\/?attachment_id=202'><img width=\"150\" height=\"150\" src=\"https:\/\/www.vorticerosa.com\/wp-content\/uploads\/2015\/07\/fili20x20-150x150.jpg\" class=\"attachment-thumbnail size-thumbnail\" alt=\"\" loading=\"lazy\" sizes=\"100vw\" \/><\/a>\n\t\t\t<\/div><\/figure><figure class='gallery-item'>\n\t\t\t<div class='gallery-icon landscape'>\n\t\t\t\t<a href='https:\/\/www.vorticerosa.com\/?attachment_id=204'><img width=\"150\" height=\"150\" src=\"https:\/\/www.vorticerosa.com\/wp-content\/uploads\/2015\/07\/scostumata-13x13-150x150.jpg\" class=\"attachment-thumbnail size-thumbnail\" alt=\"\" loading=\"lazy\" sizes=\"100vw\" \/><\/a>\n\t\t\t<\/div><\/figure><figure class='gallery-item'>\n\t\t\t<div class='gallery-icon landscape'>\n\t\t\t\t<a href='https:\/\/www.vorticerosa.com\/?attachment_id=205'><img width=\"150\" height=\"150\" src=\"https:\/\/www.vorticerosa.com\/wp-content\/uploads\/2015\/07\/Iwouldstayhere13x13-150x150.jpg\" class=\"attachment-thumbnail size-thumbnail\" alt=\"\" loading=\"lazy\" srcset=\"https:\/\/www.vorticerosa.com\/wp-content\/uploads\/2015\/07\/Iwouldstayhere13x13-150x150.jpg 150w, https:\/\/www.vorticerosa.com\/wp-content\/uploads\/2015\/07\/Iwouldstayhere13x13-300x298.jpg 300w, https:\/\/www.vorticerosa.com\/wp-content\/uploads\/2015\/07\/Iwouldstayhere13x13-1024x1017.jpg 1024w\" sizes=\"100vw\" \/><\/a>\n\t\t\t<\/div><\/figure><figure class='gallery-item'>\n\t\t\t<div class='gallery-icon portrait'>\n\t\t\t\t<a href='https:\/\/www.vorticerosa.com\/?attachment_id=206'><img width=\"150\" height=\"150\" src=\"https:\/\/www.vorticerosa.com\/wp-content\/uploads\/2015\/07\/BADGIRL-150x150.jpg\" class=\"attachment-thumbnail size-thumbnail\" alt=\"\" loading=\"lazy\" srcset=\"https:\/\/www.vorticerosa.com\/wp-content\/uploads\/2015\/07\/BADGIRL-150x150.jpg 150w, https:\/\/www.vorticerosa.com\/wp-content\/uploads\/2015\/07\/BADGIRL-1015x1024.jpg 1015w, https:\/\/www.vorticerosa.com\/wp-content\/uploads\/2015\/07\/BADGIRL.jpg 1879w\" sizes=\"100vw\" \/><\/a>\n\t\t\t<\/div><\/figure><figure class='gallery-item'>\n\t\t\t<div class='gallery-icon portrait'>\n\t\t\t\t<a href='https:\/\/www.vorticerosa.com\/?attachment_id=207'><img width=\"150\" height=\"150\" src=\"https:\/\/www.vorticerosa.com\/wp-content\/uploads\/2015\/07\/down-L-150x150.jpg\" class=\"attachment-thumbnail size-thumbnail\" alt=\"\" loading=\"lazy\" sizes=\"100vw\" \/><\/a>\n\t\t\t<\/div><\/figure><figure class='gallery-item'>\n\t\t\t<div class='gallery-icon landscape'>\n\t\t\t\t<a href='https:\/\/www.vorticerosa.com\/?attachment_id=208'><img width=\"150\" height=\"150\" src=\"https:\/\/www.vorticerosa.com\/wp-content\/uploads\/2015\/07\/the-secretofchair-L-150x150.jpg\" class=\"attachment-thumbnail size-thumbnail\" alt=\"\" loading=\"lazy\" sizes=\"100vw\" \/><\/a>\n\t\t\t<\/div><\/figure>\n\t\t<\/div>\n\n<p>Ciao a tutti,<\/p>\n<p>dopo Amsterdam e l&#8217;arrivo a Milano, l&#8217;esperienza italiana con <a href=\"http:\/\/www.carredartistes.com\/fr\/\" target=\"_blank\">Carr\u00e9 D&#8217;artistes<\/a> continua a Roma.\u00a0Da Agosto le mie opere approderanno nella meravigliosa capitale e se dal mio piccolo bugigattolo boh\u00e9mienne, nel quale mi tumulo quotidianamente cercando\u00a0di non soccombere al caldo torrido di questa citt\u00e0 meneghina, la mia piccola<strong> Dignit\u00e0<\/strong> si far\u00e0 un po&#8217; di giretti in Italia e nel mondo; vorrei darle i miei occhi per vedere i luoghi e le persone che incontrer\u00e0, spero in futuro di poterla accompagnare.<\/p>\n<p>Settembre sar\u00e0 un mese pieno pieno di eventi, ci sar\u00e0 la mia personale dal 11 al 26 settembre presso<a href=\"http:\/\/www.cityart.it\" target=\"_blank\"> CityArt<\/a> a Milano, \u00a0e varie collettive a Milano insieme a tanti talentuosi e bravissimi artisti, di queste\u00a0vi informer\u00f2 \u00a0dettagliatamente al pi\u00f9 presto e poi c&#8217;\u00e8 Mosca, San Pietroburgo (Russia) e Batumi (Giorgia).<\/p>\n<p>A presto!<\/p>\n<p>&nbsp;<\/p>\n<p>&nbsp;<\/p>\n","protected":false},"excerpt":{"rendered":"<p>Ciao a tutti, dopo Amsterdam e l&#8217;arrivo a Milano, l&#8217;esperienza italiana con Carr\u00e9 D&#8217;artistes continua a Roma.\u00a0Da Agosto le mie opere approderanno nella meravigliosa capitale e se dal mio piccolo bugigattolo boh\u00e9mienne, nel quale mi tumulo quotidianamente cercando\u00a0di non soccombere al caldo torrido di questa citt\u00e0 meneghina, la mia piccola Dignit\u00e0 si far\u00e0 un po&#8217; &hellip; <\/p>\n<p class=\"link-more\"><a href=\"https:\/\/www.vorticerosa.com\/?p=199\" class=\"more-link\">Leggi tutto<span class=\"screen-reader-text\"> &#8220;Vorticerosa e Carr\u00e8 d&#8217;Artistes da Agosto a Roma, a settembre invece&#8230;&#8221;<\/span><\/a><\/p>\n","protected":false},"author":1,"featured_media":203,"comment_status":"open","ping_status":"open","sticky":false,"template":"","format":"standard","meta":[],"categories":[9],"tags":[14,13,11],"_links":{"self":[{"href":"https:\/\/www.vorticerosa.com\/index.php?rest_route=\/wp\/v2\/posts\/199"}],"collection":[{"href":"https:\/\/www.vorticerosa.com\/index.php?rest_route=\/wp\/v2\/posts"}],"about":[{"href":"https:\/\/www.vorticerosa.com\/index.php?rest_route=\/wp\/v2\/types\/post"}],"author":[{"embeddable":true,"href":"https:\/\/www.vorticerosa.com\/index.php?rest_route=\/wp\/v2\/users\/1"}],"replies":[{"embeddable":true,"href":"https:\/\/www.vorticerosa.com\/index.php?rest_route=%2Fwp%2Fv2%2Fcomments&post=199"}],"version-history":[{"count":2,"href":"https:\/\/www.vorticerosa.com\/index.php?rest_route=\/wp\/v2\/posts\/199\/revisions"}],"predecessor-version":[{"id":210,"href":"https:\/\/www.vorticerosa.com\/index.php?rest_route=\/wp\/v2\/posts\/199\/revisions\/210"}],"wp:featuredmedia":[{"embeddable":true,"href":"https:\/\/www.vorticerosa.com\/index.php?rest_route=\/wp\/v2\/media\/203"}],"wp:attachment":[{"href":"https:\/\/www.vorticerosa.com\/index.php?rest_route=%2Fwp%2Fv2%2Fmedia&parent=199"}],"wp:term":[{"taxonomy":"category","embeddable":true,"href":"https:\/\/www.vorticerosa.com\/index.php?rest_route=%2Fwp%2Fv2%2Fcategories&post=199"},{"taxonomy":"post_tag","embeddable":true,"href":"https:\/\/www.vorticerosa.com\/index.php?rest_route=%2Fwp%2Fv2%2Ftags&post=199"}],"curies":[{"name":"wp","href":"https:\/\/api.w.org\/{rel}","templated":true}]}}